{"id":1487,"date":"2026-04-20T11:32:31","date_gmt":"2026-04-20T09:32:31","guid":{"rendered":"https:\/\/www.citadelledesisteron.fr\/?p=1487"},"modified":"2026-04-20T11:32:34","modified_gmt":"2026-04-20T09:32:34","slug":"visite-guidee-au-coucher-du-soleil-2","status":"publish","type":"post","link":"https:\/\/www.citadelledesisteron.fr\/en\/visite-guidee-au-coucher-du-soleil-2\/","title":{"rendered":"Visite guid\u00e9e au coucher du soleil"},"content":{"rendered":"<p class=\"has-text-align-left\"><em>Visitez la Citadelle de Sisteron apr\u00e8s la fermeture du site et profitez du coucher de soleil depuis ses hauteurs.<\/em><br><br>Accompagn\u00e9 d&rsquo;un guide du patrimoine, vivez 1h30 de visite unique et insolite en parcourant les 8 si\u00e8cles d&rsquo;histoire et d&rsquo;architecture de ce monument embl\u00e9matique. Gardienne de la porte de la Provence, b\u00e2tie entre ciel et terre, la Citadelle de Sisteron offre \u00e0 celui qui la visite des vues \u00e9poustouflantes qui, au coucher du soleil, se parent de couleurs chatoyantes : un spectacle grandiose \u00e0 ne pas manquer !<\/p>\n\n\n<div class=\"wp-block-image\">\n<figure class=\"aligncenter size-large is-resized\"><img loading=\"lazy\" decoding=\"async\" width=\"819\" height=\"1024\" src=\"https:\/\/www.citadelledesisteron.fr\/wp-content\/uploads\/2025\/07\/VG-Nocturne-819x1024.jpg\" alt=\"\" class=\"wp-image-1815\" style=\"aspect-ratio:0.7998080460689434;width:545px;height:auto\" srcset=\"https:\/\/www.citadelledesisteron.fr\/wp-content\/uploads\/2025\/07\/VG-Nocturne-819x1024.jpg 819w, https:\/\/www.citadelledesisteron.fr\/wp-content\/uploads\/2025\/07\/VG-Nocturne-240x300.jpg 240w, https:\/\/www.citadelledesisteron.fr\/wp-content\/uploads\/2025\/07\/VG-Nocturne-768x960.jpg 768w, https:\/\/www.citadelledesisteron.fr\/wp-content\/uploads\/2025\/07\/VG-Nocturne-10x12.jpg 10w, https:\/\/www.citadelledesisteron.fr\/wp-content\/uploads\/2025\/07\/VG-Nocturne.jpg 960w\" sizes=\"auto, (max-width: 819px) 100vw, 819px\" \/><\/figure>\n<\/div>\n\n\n<p>Tous les jeudis soirs du 25 juin au 13 ao\u00fbt inclus. <br><strong>Juin &#8211; Juillet : 20 h<\/strong><br><strong>Ao\u00fbt : 19h45<\/strong><\/p>\n\n\n\n<p><strong>Tarifs<\/strong> <strong>adulte : 15 \u20ac<\/strong> \/ <strong>enfant : 3,50 \u20ac<\/strong> (de 6 \u00e0 14 ans)<br>R\u00e8glement sur place (CB, ESP, CHQ)<\/p>\n\n\n\n<p><strong>UNIQUEMENT SUR R\u00c9SERVATION<\/strong> au <strong>04 92 61 21 20<\/strong> ou par mail <strong>citadelledesisteron@orange.fr<\/strong><br>Merci de vous pr\u00e9senter 10 \u00e0 15 minutes avant le d\u00e9but de la visite \u00e0 l&rsquo;accueil de la Citadelle de Sisteron<\/p>\n\n\n\n<p><em>Dans la limite des places disponibles<br>Pr\u00e9voir une petite laine et des chaussures adapt\u00e9es <\/em><\/p>","protected":false},"excerpt":{"rendered":"<p>Vivez une exp\u00e9rience unique \u00e0 la Citadelle de Sisteron <\/p>","protected":false},"author":3,"featured_media":894,"comment_status":"closed","ping_status":"open","sticky":false,"template":"","format":"standard","meta":{"_editorskit_title_hidden":false,"_editorskit_reading_time":0,"_editorskit_is_block_options_detached":false,"_editorskit_block_options_position":"{}","om_disable_all_campaigns":false,"_monsterinsights_skip_tracking":false,"_monsterinsights_sitenote_active":false,"_monsterinsights_sitenote_note":"","_monsterinsights_sitenote_category":0,"footnotes":""},"categories":[224],"tags":[],"class_list":["post-1487","post","type-post","status-publish","format-standard","has-post-thumbnail","hentry","category-224"],"yoast_head":"<!-- This site is optimized with the Yoast SEO plugin v27.5 - https:\/\/yoast.com\/product\/yoast-seo-wordpress\/ -->\n<title>Visite guid\u00e9e au coucher du soleil - Citadelle de Sisteron<\/title>\n<meta name=\"robots\" content=\"index, follow, max-snippet:-1, max-image-preview:large, max-video-preview:-1\" \/>\n<link rel=\"canonical\" href=\"https:\/\/www.citadelledesisteron.fr\/en\/visite-guidee-au-coucher-du-soleil-2\/\" \/>\n<meta property=\"og:locale\" content=\"en_GB\" \/>\n<meta property=\"og:type\" content=\"article\" \/>\n<meta property=\"og:title\" content=\"Visite guid\u00e9e au coucher du soleil - Citadelle de Sisteron\" \/>\n<meta property=\"og:description\" content=\"Vivez une exp\u00e9rience unique \u00e0 la Citadelle de Sisteron\" \/>\n<meta property=\"og:url\" content=\"https:\/\/www.citadelledesisteron.fr\/en\/visite-guidee-au-coucher-du-soleil-2\/\" \/>\n<meta property=\"og:site_name\" content=\"Citadelle de Sisteron\" \/>\n<meta property=\"article:publisher\" content=\"https:\/\/www.facebook.com\/citadelledesisteron\/\" \/>\n<meta property=\"article:published_time\" content=\"2026-04-20T09:32:31+00:00\" \/>\n<meta property=\"article:modified_time\" content=\"2026-04-20T09:32:34+00:00\" \/>\n<meta property=\"og:image\" content=\"https:\/\/www.citadelledesisteron.fr\/wp-content\/uploads\/2024\/06\/Coucher-de-soleil-Citadelle-cFloriane-Auda.jpg\" \/>\n\t<meta property=\"og:image:width\" content=\"1750\" \/>\n\t<meta property=\"og:image:height\" content=\"985\" \/>\n\t<meta property=\"og:image:type\" content=\"image\/jpeg\" \/>\n<meta name=\"author\" content=\"admin_atm\" \/>\n<meta name=\"twitter:card\" content=\"summary_large_image\" \/>\n<meta name=\"twitter:label1\" content=\"Written by\" \/>\n\t<meta name=\"twitter:data1\" content=\"admin_atm\" \/>\n\t<meta name=\"twitter:label2\" content=\"Estimated reading time\" \/>\n\t<meta name=\"twitter:data2\" content=\"2 minutes\" \/>\n<script type=\"application\/ld+json\" class=\"yoast-schema-graph\">{\"@context\":\"https:\\\/\\\/schema.org\",\"@graph\":[{\"@type\":\"Article\",\"@id\":\"https:\\\/\\\/www.citadelledesisteron.fr\\\/visite-guidee-au-coucher-du-soleil-2\\\/#article\",\"isPartOf\":{\"@id\":\"https:\\\/\\\/www.citadelledesisteron.fr\\\/visite-guidee-au-coucher-du-soleil-2\\\/\"},\"author\":{\"name\":\"admin_atm\",\"@id\":\"https:\\\/\\\/www.citadelledesisteron.fr\\\/#\\\/schema\\\/person\\\/9554fd59969f9d3a9ac734313009ae73\"},\"headline\":\"Visite guid\u00e9e au coucher du soleil\",\"datePublished\":\"2026-04-20T09:32:31+00:00\",\"dateModified\":\"2026-04-20T09:32:34+00:00\",\"mainEntityOfPage\":{\"@id\":\"https:\\\/\\\/www.citadelledesisteron.fr\\\/visite-guidee-au-coucher-du-soleil-2\\\/\"},\"wordCount\":167,\"publisher\":{\"@id\":\"https:\\\/\\\/www.citadelledesisteron.fr\\\/#organization\"},\"image\":{\"@id\":\"https:\\\/\\\/www.citadelledesisteron.fr\\\/visite-guidee-au-coucher-du-soleil-2\\\/#primaryimage\"},\"thumbnailUrl\":\"https:\\\/\\\/www.citadelledesisteron.fr\\\/wp-content\\\/uploads\\\/2024\\\/06\\\/Coucher-de-soleil-Citadelle-cFloriane-Auda.jpg\",\"articleSection\":[\"2024\"],\"inLanguage\":\"en-GB\"},{\"@type\":\"WebPage\",\"@id\":\"https:\\\/\\\/www.citadelledesisteron.fr\\\/visite-guidee-au-coucher-du-soleil-2\\\/\",\"url\":\"https:\\\/\\\/www.citadelledesisteron.fr\\\/visite-guidee-au-coucher-du-soleil-2\\\/\",\"name\":\"Visite guid\u00e9e au coucher du soleil - Citadelle de Sisteron\",\"isPartOf\":{\"@id\":\"https:\\\/\\\/www.citadelledesisteron.fr\\\/#website\"},\"primaryImageOfPage\":{\"@id\":\"https:\\\/\\\/www.citadelledesisteron.fr\\\/visite-guidee-au-coucher-du-soleil-2\\\/#primaryimage\"},\"image\":{\"@id\":\"https:\\\/\\\/www.citadelledesisteron.fr\\\/visite-guidee-au-coucher-du-soleil-2\\\/#primaryimage\"},\"thumbnailUrl\":\"https:\\\/\\\/www.citadelledesisteron.fr\\\/wp-content\\\/uploads\\\/2024\\\/06\\\/Coucher-de-soleil-Citadelle-cFloriane-Auda.jpg\",\"datePublished\":\"2026-04-20T09:32:31+00:00\",\"dateModified\":\"2026-04-20T09:32:34+00:00\",\"breadcrumb\":{\"@id\":\"https:\\\/\\\/www.citadelledesisteron.fr\\\/visite-guidee-au-coucher-du-soleil-2\\\/#breadcrumb\"},\"inLanguage\":\"en-GB\",\"potentialAction\":[{\"@type\":\"ReadAction\",\"target\":[\"https:\\\/\\\/www.citadelledesisteron.fr\\\/visite-guidee-au-coucher-du-soleil-2\\\/\"]}]},{\"@type\":\"ImageObject\",\"inLanguage\":\"en-GB\",\"@id\":\"https:\\\/\\\/www.citadelledesisteron.fr\\\/visite-guidee-au-coucher-du-soleil-2\\\/#primaryimage\",\"url\":\"https:\\\/\\\/www.citadelledesisteron.fr\\\/wp-content\\\/uploads\\\/2024\\\/06\\\/Coucher-de-soleil-Citadelle-cFloriane-Auda.jpg\",\"contentUrl\":\"https:\\\/\\\/www.citadelledesisteron.fr\\\/wp-content\\\/uploads\\\/2024\\\/06\\\/Coucher-de-soleil-Citadelle-cFloriane-Auda.jpg\",\"width\":1750,\"height\":985},{\"@type\":\"BreadcrumbList\",\"@id\":\"https:\\\/\\\/www.citadelledesisteron.fr\\\/visite-guidee-au-coucher-du-soleil-2\\\/#breadcrumb\",\"itemListElement\":[{\"@type\":\"ListItem\",\"position\":1,\"name\":\"Accueil\",\"item\":\"https:\\\/\\\/www.citadelledesisteron.fr\\\/\"},{\"@type\":\"ListItem\",\"position\":2,\"name\":\"Visite guid\u00e9e au coucher du soleil\"}]},{\"@type\":\"WebSite\",\"@id\":\"https:\\\/\\\/www.citadelledesisteron.fr\\\/#website\",\"url\":\"https:\\\/\\\/www.citadelledesisteron.fr\\\/\",\"name\":\"Citadelle de Sisteron\",\"description\":\"Un site utilisant WordPress\",\"publisher\":{\"@id\":\"https:\\\/\\\/www.citadelledesisteron.fr\\\/#organization\"},\"potentialAction\":[{\"@type\":\"SearchAction\",\"target\":{\"@type\":\"EntryPoint\",\"urlTemplate\":\"https:\\\/\\\/www.citadelledesisteron.fr\\\/?s={search_term_string}\"},\"query-input\":{\"@type\":\"PropertyValueSpecification\",\"valueRequired\":true,\"valueName\":\"search_term_string\"}}],\"inLanguage\":\"en-GB\"},{\"@type\":\"Organization\",\"@id\":\"https:\\\/\\\/www.citadelledesisteron.fr\\\/#organization\",\"name\":\"Citadelle de Sisteron\",\"url\":\"https:\\\/\\\/www.citadelledesisteron.fr\\\/\",\"logo\":{\"@type\":\"ImageObject\",\"inLanguage\":\"en-GB\",\"@id\":\"https:\\\/\\\/www.citadelledesisteron.fr\\\/#\\\/schema\\\/logo\\\/image\\\/\",\"url\":\"https:\\\/\\\/www.citadelledesisteron.fr\\\/wp-content\\\/uploads\\\/2022\\\/06\\\/cropped-citadelleSisteron.png\",\"contentUrl\":\"https:\\\/\\\/www.citadelledesisteron.fr\\\/wp-content\\\/uploads\\\/2022\\\/06\\\/cropped-citadelleSisteron.png\",\"width\":835,\"height\":231,\"caption\":\"Citadelle de Sisteron\"},\"image\":{\"@id\":\"https:\\\/\\\/www.citadelledesisteron.fr\\\/#\\\/schema\\\/logo\\\/image\\\/\"},\"sameAs\":[\"https:\\\/\\\/www.facebook.com\\\/citadelledesisteron\\\/\",\"https:\\\/\\\/www.youtube.com\\\/channel\\\/UC3a5Quz-UGKoYbE23Y_NTyg\",\"https:\\\/\\\/www.instagram.com\\\/citadelledesisteron\\\/?hl=fr\"]},{\"@type\":\"Person\",\"@id\":\"https:\\\/\\\/www.citadelledesisteron.fr\\\/#\\\/schema\\\/person\\\/9554fd59969f9d3a9ac734313009ae73\",\"name\":\"admin_atm\",\"image\":{\"@type\":\"ImageObject\",\"inLanguage\":\"en-GB\",\"@id\":\"https:\\\/\\\/secure.gravatar.com\\\/avatar\\\/21a15a9664960f4827df549f60fbd0bdfb974e89efba6399b1deb424de3ed4d1?s=96&d=mm&r=g\",\"url\":\"https:\\\/\\\/secure.gravatar.com\\\/avatar\\\/21a15a9664960f4827df549f60fbd0bdfb974e89efba6399b1deb424de3ed4d1?s=96&d=mm&r=g\",\"contentUrl\":\"https:\\\/\\\/secure.gravatar.com\\\/avatar\\\/21a15a9664960f4827df549f60fbd0bdfb974e89efba6399b1deb424de3ed4d1?s=96&d=mm&r=g\",\"caption\":\"admin_atm\"}}]}<\/script>\n<!-- \/ Yoast SEO plugin. -->","yoast_head_json":{"title":"Visite guid\u00e9e au coucher du soleil - Citadelle de Sisteron","robots":{"index":"index","follow":"follow","max-snippet":"max-snippet:-1","max-image-preview":"max-image-preview:large","max-video-preview":"max-video-preview:-1"},"canonical":"https:\/\/www.citadelledesisteron.fr\/en\/visite-guidee-au-coucher-du-soleil-2\/","og_locale":"en_GB","og_type":"article","og_title":"Visite guid\u00e9e au coucher du soleil - Citadelle de Sisteron","og_description":"Vivez une exp\u00e9rience unique \u00e0 la Citadelle de Sisteron","og_url":"https:\/\/www.citadelledesisteron.fr\/en\/visite-guidee-au-coucher-du-soleil-2\/","og_site_name":"Citadelle de Sisteron","article_publisher":"https:\/\/www.facebook.com\/citadelledesisteron\/","article_published_time":"2026-04-20T09:32:31+00:00","article_modified_time":"2026-04-20T09:32:34+00:00","og_image":[{"width":1750,"height":985,"url":"https:\/\/www.citadelledesisteron.fr\/wp-content\/uploads\/2024\/06\/Coucher-de-soleil-Citadelle-cFloriane-Auda.jpg","type":"image\/jpeg"}],"author":"admin_atm","twitter_card":"summary_large_image","twitter_misc":{"Written by":"admin_atm","Estimated reading time":"2 minutes"},"schema":{"@context":"https:\/\/schema.org","@graph":[{"@type":"Article","@id":"https:\/\/www.citadelledesisteron.fr\/visite-guidee-au-coucher-du-soleil-2\/#article","isPartOf":{"@id":"https:\/\/www.citadelledesisteron.fr\/visite-guidee-au-coucher-du-soleil-2\/"},"author":{"name":"admin_atm","@id":"https:\/\/www.citadelledesisteron.fr\/#\/schema\/person\/9554fd59969f9d3a9ac734313009ae73"},"headline":"Visite guid\u00e9e au coucher du soleil","datePublished":"2026-04-20T09:32:31+00:00","dateModified":"2026-04-20T09:32:34+00:00","mainEntityOfPage":{"@id":"https:\/\/www.citadelledesisteron.fr\/visite-guidee-au-coucher-du-soleil-2\/"},"wordCount":167,"publisher":{"@id":"https:\/\/www.citadelledesisteron.fr\/#organization"},"image":{"@id":"https:\/\/www.citadelledesisteron.fr\/visite-guidee-au-coucher-du-soleil-2\/#primaryimage"},"thumbnailUrl":"https:\/\/www.citadelledesisteron.fr\/wp-content\/uploads\/2024\/06\/Coucher-de-soleil-Citadelle-cFloriane-Auda.jpg","articleSection":["2024"],"inLanguage":"en-GB"},{"@type":"WebPage","@id":"https:\/\/www.citadelledesisteron.fr\/visite-guidee-au-coucher-du-soleil-2\/","url":"https:\/\/www.citadelledesisteron.fr\/visite-guidee-au-coucher-du-soleil-2\/","name":"Visite guid\u00e9e au coucher du soleil - Citadelle de Sisteron","isPartOf":{"@id":"https:\/\/www.citadelledesisteron.fr\/#website"},"primaryImageOfPage":{"@id":"https:\/\/www.citadelledesisteron.fr\/visite-guidee-au-coucher-du-soleil-2\/#primaryimage"},"image":{"@id":"https:\/\/www.citadelledesisteron.fr\/visite-guidee-au-coucher-du-soleil-2\/#primaryimage"},"thumbnailUrl":"https:\/\/www.citadelledesisteron.fr\/wp-content\/uploads\/2024\/06\/Coucher-de-soleil-Citadelle-cFloriane-Auda.jpg","datePublished":"2026-04-20T09:32:31+00:00","dateModified":"2026-04-20T09:32:34+00:00","breadcrumb":{"@id":"https:\/\/www.citadelledesisteron.fr\/visite-guidee-au-coucher-du-soleil-2\/#breadcrumb"},"inLanguage":"en-GB","potentialAction":[{"@type":"ReadAction","target":["https:\/\/www.citadelledesisteron.fr\/visite-guidee-au-coucher-du-soleil-2\/"]}]},{"@type":"ImageObject","inLanguage":"en-GB","@id":"https:\/\/www.citadelledesisteron.fr\/visite-guidee-au-coucher-du-soleil-2\/#primaryimage","url":"https:\/\/www.citadelledesisteron.fr\/wp-content\/uploads\/2024\/06\/Coucher-de-soleil-Citadelle-cFloriane-Auda.jpg","contentUrl":"https:\/\/www.citadelledesisteron.fr\/wp-content\/uploads\/2024\/06\/Coucher-de-soleil-Citadelle-cFloriane-Auda.jpg","width":1750,"height":985},{"@type":"BreadcrumbList","@id":"https:\/\/www.citadelledesisteron.fr\/visite-guidee-au-coucher-du-soleil-2\/#breadcrumb","itemListElement":[{"@type":"ListItem","position":1,"name":"Accueil","item":"https:\/\/www.citadelledesisteron.fr\/"},{"@type":"ListItem","position":2,"name":"Visite guid\u00e9e au coucher du soleil"}]},{"@type":"WebSite","@id":"https:\/\/www.citadelledesisteron.fr\/#website","url":"https:\/\/www.citadelledesisteron.fr\/","name":"Citadelle de Sisteron","description":"Un site utilisant WordPress","publisher":{"@id":"https:\/\/www.citadelledesisteron.fr\/#organization"},"potentialAction":[{"@type":"SearchAction","target":{"@type":"EntryPoint","urlTemplate":"https:\/\/www.citadelledesisteron.fr\/?s={search_term_string}"},"query-input":{"@type":"PropertyValueSpecification","valueRequired":true,"valueName":"search_term_string"}}],"inLanguage":"en-GB"},{"@type":"Organization","@id":"https:\/\/www.citadelledesisteron.fr\/#organization","name":"Citadelle de Sisteron","url":"https:\/\/www.citadelledesisteron.fr\/","logo":{"@type":"ImageObject","inLanguage":"en-GB","@id":"https:\/\/www.citadelledesisteron.fr\/#\/schema\/logo\/image\/","url":"https:\/\/www.citadelledesisteron.fr\/wp-content\/uploads\/2022\/06\/cropped-citadelleSisteron.png","contentUrl":"https:\/\/www.citadelledesisteron.fr\/wp-content\/uploads\/2022\/06\/cropped-citadelleSisteron.png","width":835,"height":231,"caption":"Citadelle de Sisteron"},"image":{"@id":"https:\/\/www.citadelledesisteron.fr\/#\/schema\/logo\/image\/"},"sameAs":["https:\/\/www.facebook.com\/citadelledesisteron\/","https:\/\/www.youtube.com\/channel\/UC3a5Quz-UGKoYbE23Y_NTyg","https:\/\/www.instagram.com\/citadelledesisteron\/?hl=fr"]},{"@type":"Person","@id":"https:\/\/www.citadelledesisteron.fr\/#\/schema\/person\/9554fd59969f9d3a9ac734313009ae73","name":"admin_atm","image":{"@type":"ImageObject","inLanguage":"en-GB","@id":"https:\/\/secure.gravatar.com\/avatar\/21a15a9664960f4827df549f60fbd0bdfb974e89efba6399b1deb424de3ed4d1?s=96&d=mm&r=g","url":"https:\/\/secure.gravatar.com\/avatar\/21a15a9664960f4827df549f60fbd0bdfb974e89efba6399b1deb424de3ed4d1?s=96&d=mm&r=g","contentUrl":"https:\/\/secure.gravatar.com\/avatar\/21a15a9664960f4827df549f60fbd0bdfb974e89efba6399b1deb424de3ed4d1?s=96&d=mm&r=g","caption":"admin_atm"}}]}},"_links":{"self":[{"href":"https:\/\/www.citadelledesisteron.fr\/en\/wp-json\/wp\/v2\/posts\/1487","targetHints":{"allow":["GET"]}}],"collection":[{"href":"https:\/\/www.citadelledesisteron.fr\/en\/wp-json\/wp\/v2\/posts"}],"about":[{"href":"https:\/\/www.citadelledesisteron.fr\/en\/wp-json\/wp\/v2\/types\/post"}],"author":[{"embeddable":true,"href":"https:\/\/www.citadelledesisteron.fr\/en\/wp-json\/wp\/v2\/users\/3"}],"replies":[{"embeddable":true,"href":"https:\/\/www.citadelledesisteron.fr\/en\/wp-json\/wp\/v2\/comments?post=1487"}],"version-history":[{"count":9,"href":"https:\/\/www.citadelledesisteron.fr\/en\/wp-json\/wp\/v2\/posts\/1487\/revisions"}],"predecessor-version":[{"id":1823,"href":"https:\/\/www.citadelledesisteron.fr\/en\/wp-json\/wp\/v2\/posts\/1487\/revisions\/1823"}],"wp:featuredmedia":[{"embeddable":true,"href":"https:\/\/www.citadelledesisteron.fr\/en\/wp-json\/wp\/v2\/media\/894"}],"wp:attachment":[{"href":"https:\/\/www.citadelledesisteron.fr\/en\/wp-json\/wp\/v2\/media?parent=1487"}],"wp:term":[{"taxonomy":"category","embeddable":true,"href":"https:\/\/www.citadelledesisteron.fr\/en\/wp-json\/wp\/v2\/categories?post=1487"},{"taxonomy":"post_tag","embeddable":true,"href":"https:\/\/www.citadelledesisteron.fr\/en\/wp-json\/wp\/v2\/tags?post=1487"}],"curies":[{"name":"wp","href":"https:\/\/api.w.org\/{rel}","templated":true}]}}