{"id":1556,"date":"2025-09-03T16:20:29","date_gmt":"2025-09-03T14:20:29","guid":{"rendered":"https:\/\/www.citadelledesisteron.fr\/?p=1556"},"modified":"2025-09-03T17:22:16","modified_gmt":"2025-09-03T15:22:16","slug":"journee-europeenne-du-patrimoine-2025","status":"publish","type":"post","link":"https:\/\/www.citadelledesisteron.fr\/en\/journee-europeenne-du-patrimoine-2025\/","title":{"rendered":"Journ\u00e9e Europ\u00e9enne du Patrimoine 2025"},"content":{"rendered":"<p><strong><mark style=\"background-color:rgba(0, 0, 0, 0)\" class=\"has-inline-color has-luminous-vivid-amber-color\">UNIQUEMENT LE DIMANCHE 21 SEPTEMBRE DE 9H \u00c0 19H (fermeture de la billetterie \u00e0 18h).<\/mark><\/strong><\/p>\n\n\n<div class=\"wp-block-image\">\n<figure class=\"aligncenter size-large\"><img loading=\"lazy\" decoding=\"async\" width=\"724\" height=\"1024\" src=\"https:\/\/www.citadelledesisteron.fr\/wp-content\/uploads\/2025\/09\/2025-VD-2-724x1024.png\" alt=\"\" class=\"wp-image-1558\" srcset=\"https:\/\/www.citadelledesisteron.fr\/wp-content\/uploads\/2025\/09\/2025-VD-2-724x1024.png 724w, https:\/\/www.citadelledesisteron.fr\/wp-content\/uploads\/2025\/09\/2025-VD-2-212x300.png 212w, https:\/\/www.citadelledesisteron.fr\/wp-content\/uploads\/2025\/09\/2025-VD-2-768x1087.png 768w, https:\/\/www.citadelledesisteron.fr\/wp-content\/uploads\/2025\/09\/2025-VD-2-8x12.png 8w, https:\/\/www.citadelledesisteron.fr\/wp-content\/uploads\/2025\/09\/2025-VD-2.png 848w\" sizes=\"auto, (max-width: 724px) 100vw, 724px\" \/><\/figure>\n<\/div>\n\n\n<p>\u00c0 l\u2019occasion des Journ\u00e9es Europ\u00e9ennes du Patrimoine, l&rsquo;acc\u00e8s \u00e0 la Citadelle est gratuit uniquement le <strong>dimanche 21 septembre, <\/strong>aux heures d\u2019ouverture habituelles.<\/p>\n\n\n\n<p>Deux visites guid\u00e9es seront propos\u00e9es, \u00e0 10h30 et 14h30. Elles se concluront par une d\u00e9monstration du fonctionnement du pont-levis \u00e0 \u00ab&nbsp;Zig-zag&nbsp;\u00bb, r\u00e9cemment restaur\u00e9 par l\u2019association ATM. <br>Les JEP 2025 \u00e9tant consacr\u00e9es au \u00ab&nbsp;Patrimoine architecturale&nbsp;\u00bb, ces visites guid\u00e9es seront l\u2019occasion de mettre en \u00e9vidence l\u2019importance des \u00e9l\u00e9ments architecturaux du monument.<\/p>\n\n\n\n<p>De plus, un livret, pens\u00e9 comme un rallye photo permettra aux visiteurs qui le souhaitent, de partir \u00e0 la recherche des \u00e9l\u00e9ments architecturaux de la Citadelle de fa\u00e7on ludique.<\/p>\n\n\n\n<p>L&rsquo;atelier \u00ab\u00a0Graines d&rsquo;Architectes !\u00a0\u00bb s\u2019adressera aux enfants \u00e0 partir de 6 ans. Il leur offrira l\u2019opportunit\u00e9 de d\u00e9couvrir la Citadelle sous un angle original et p\u00e9dagogique. \u00c0 travers une approche alliant observation, r\u00e9flexion et cr\u00e9ation, le jeune public sera invit\u00e9 \u00e0&nbsp;:<\/p>\n\n\n\n<ul class=\"wp-block-list\">\n<li>Explorer la Citadelle et en comprendre l\u2019organisation et les particularit\u00e9s architecturales&nbsp;;<\/li>\n\n\n\n<li>Reconstituer le plan du monument ;<\/li>\n\n\n\n<li>Concevoir leur propre projet de forteresse \u00e0 l\u2019aide d\u2019\u00e9l\u00e9ments pr\u00e9d\u00e9coup\u00e9s ;<\/li>\n\n\n\n<li>Relever un d\u00e9fi cr\u00e9atif adapt\u00e9 \u00e0 leur \u00e2ge.<\/li>\n<\/ul>\n\n\n\n<p>Cet atelier visera \u00e0 susciter la curiosit\u00e9, d\u00e9velopper l\u2019imaginaire et initier les enfants \u00e0 une premi\u00e8re lecture du patrimoine b\u00e2ti.<\/p>\n\n\n\n<p>Lors de la visite du monument, le public visionnera le film d\u2019Andr\u00e9 Roman \u201c&nbsp;Citadelle&nbsp;! navire des hommes\u2026&nbsp;\u201d, d\u00e9couvrira l&rsquo;exposition \u00ab\u00a070 ans d&rsquo;\u00e9motions, le temps d&rsquo;un festival\u00a0\u00bb propos\u00e9e \u00e0 l&rsquo;occasion du 70e anniversaire des Nuits de la Citadelle. Dans la Chapelle Notre-Dame du Ch\u00e2teau, les visiteurs admireront les magnifiques vitraux du ma\u00eetre-verrier Claude Courageux et profiteront de la librairie. <br>Face nord, ils pourront s\u2019aventurer dans l\u2019escalier souterrain, avec ses 258 marches creus\u00e9es dans le rocher ou encore plonger dans l&rsquo;univers des Nuits de la Citadelle dans la Poudri\u00e8re Vauban gr\u00e2ce \u00e0 un dispositif son et lumi\u00e8re unique en d\u00e9couvrant \u00ab\u00a0l&rsquo;immersive des Nuits\u00a0\u00bb. <\/p>\n\n\n\n<p>Et n\u2019oublions pas, bien s\u00fbr, que la Citadelle offre l\u2019un des plus beaux points de vue de Haute Provence&nbsp;!<\/p>\n\n\n\n<p class=\"has-text-align-center\"><strong><mark style=\"background-color:rgba(0, 0, 0, 0)\" class=\"has-inline-color has-luminous-vivid-amber-color\">INFORMATIONS PRATIQUES : <\/mark><\/strong><\/p>\n\n\n\n<p class=\"has-text-align-left\">Horaires d&rsquo;ouverture de 9h \u00e0 19h (fermeture de la billetterie \u00e0 18h).<\/p>\n\n\n\n<p class=\"has-text-align-left\">Visites guid\u00e9es sans r\u00e9servation, dur\u00e9e : 1h30<br>Ateliers \u00ab\u00a0Graines d&rsquo;architectes !\u00a0\u00bb \u00e0 10h, 11h, 14h et 15h, dur\u00e9e : 1h &#8211; R\u00e9servation obligatoire ! <\/p>\n\n\n\n<p class=\"has-text-align-left\">Pour les visites guid\u00e9es, se pr\u00e9senter \u00e0 l&rsquo;accueil minimum 15 min avant l&rsquo;heure de la visite. <\/p>\n\n\n\n<p class=\"has-text-align-left\">Information and bookings on 04 92 61 21 20<br><\/p>","protected":false},"excerpt":{"rendered":"<p>Le dimanche 21 septembre uniquement, la Citadelle est accessible gratuitement dans le cadre des Journ\u00e9es Europ\u00e9ennes du Patrimoine 2025.<\/p>","protected":false},"author":3,"featured_media":1561,"comment_status":"closed","ping_status":"open","sticky":false,"template":"","format":"standard","meta":{"_editorskit_title_hidden":false,"_editorskit_reading_time":0,"_editorskit_is_block_options_detached":false,"_editorskit_block_options_position":"{}","om_disable_all_campaigns":false,"_monsterinsights_skip_tracking":false,"_monsterinsights_sitenote_active":false,"_monsterinsights_sitenote_note":"","_monsterinsights_sitenote_category":0,"footnotes":""},"categories":[224],"tags":[],"class_list":["post-1556","post","type-post","status-publish","format-standard","has-post-thumbnail","hentry","category-224"],"yoast_head":"<!-- This site is optimized with the Yoast SEO plugin v27.5 - https:\/\/yoast.com\/product\/yoast-seo-wordpress\/ -->\n<title>Journ\u00e9e Europ\u00e9enne du Patrimoine 2025 - Citadelle de Sisteron<\/title>\n<meta name=\"robots\" content=\"index, follow, max-snippet:-1, max-image-preview:large, max-video-preview:-1\" \/>\n<link rel=\"canonical\" href=\"https:\/\/www.citadelledesisteron.fr\/en\/journee-europeenne-du-patrimoine-2025\/\" \/>\n<meta property=\"og:locale\" content=\"en_GB\" \/>\n<meta property=\"og:type\" content=\"article\" \/>\n<meta property=\"og:title\" content=\"Journ\u00e9e Europ\u00e9enne du Patrimoine 2025 - Citadelle de Sisteron\" \/>\n<meta property=\"og:description\" content=\"Le dimanche 21 septembre uniquement, la Citadelle est accessible gratuitement dans le cadre des Journ\u00e9es Europ\u00e9ennes du Patrimoine 2025.\" \/>\n<meta property=\"og:url\" content=\"https:\/\/www.citadelledesisteron.fr\/en\/journee-europeenne-du-patrimoine-2025\/\" \/>\n<meta property=\"og:site_name\" content=\"Citadelle de Sisteron\" \/>\n<meta property=\"article:publisher\" content=\"https:\/\/www.facebook.com\/citadelledesisteron\/\" \/>\n<meta property=\"article:published_time\" content=\"2025-09-03T14:20:29+00:00\" \/>\n<meta property=\"article:modified_time\" content=\"2025-09-03T15:22:16+00:00\" \/>\n<meta property=\"og:image\" content=\"https:\/\/www.citadelledesisteron.fr\/wp-content\/uploads\/2025\/09\/Capture-affiche-JEP-nationale.png\" \/>\n\t<meta property=\"og:image:width\" content=\"538\" \/>\n\t<meta property=\"og:image:height\" content=\"602\" \/>\n\t<meta property=\"og:image:type\" content=\"image\/png\" \/>\n<meta name=\"author\" content=\"admin_atm\" \/>\n<meta name=\"twitter:card\" content=\"summary_large_image\" \/>\n<meta name=\"twitter:label1\" content=\"Written by\" \/>\n\t<meta name=\"twitter:data1\" content=\"admin_atm\" \/>\n\t<meta name=\"twitter:label2\" content=\"Estimated reading time\" \/>\n\t<meta name=\"twitter:data2\" content=\"3 minutes\" \/>\n<script type=\"application\/ld+json\" class=\"yoast-schema-graph\">{\"@context\":\"https:\\\/\\\/schema.org\",\"@graph\":[{\"@type\":\"Article\",\"@id\":\"https:\\\/\\\/www.citadelledesisteron.fr\\\/journee-europeenne-du-patrimoine-2025\\\/#article\",\"isPartOf\":{\"@id\":\"https:\\\/\\\/www.citadelledesisteron.fr\\\/journee-europeenne-du-patrimoine-2025\\\/\"},\"author\":{\"name\":\"admin_atm\",\"@id\":\"https:\\\/\\\/www.citadelledesisteron.fr\\\/#\\\/schema\\\/person\\\/9554fd59969f9d3a9ac734313009ae73\"},\"headline\":\"Journ\u00e9e Europ\u00e9enne du Patrimoine 2025\",\"datePublished\":\"2025-09-03T14:20:29+00:00\",\"dateModified\":\"2025-09-03T15:22:16+00:00\",\"mainEntityOfPage\":{\"@id\":\"https:\\\/\\\/www.citadelledesisteron.fr\\\/journee-europeenne-du-patrimoine-2025\\\/\"},\"wordCount\":433,\"publisher\":{\"@id\":\"https:\\\/\\\/www.citadelledesisteron.fr\\\/#organization\"},\"image\":{\"@id\":\"https:\\\/\\\/www.citadelledesisteron.fr\\\/journee-europeenne-du-patrimoine-2025\\\/#primaryimage\"},\"thumbnailUrl\":\"https:\\\/\\\/www.citadelledesisteron.fr\\\/wp-content\\\/uploads\\\/2025\\\/09\\\/Capture-affiche-JEP-nationale.png\",\"articleSection\":[\"2024\"],\"inLanguage\":\"en-GB\"},{\"@type\":\"WebPage\",\"@id\":\"https:\\\/\\\/www.citadelledesisteron.fr\\\/journee-europeenne-du-patrimoine-2025\\\/\",\"url\":\"https:\\\/\\\/www.citadelledesisteron.fr\\\/journee-europeenne-du-patrimoine-2025\\\/\",\"name\":\"Journ\u00e9e Europ\u00e9enne du Patrimoine 2025 - Citadelle de Sisteron\",\"isPartOf\":{\"@id\":\"https:\\\/\\\/www.citadelledesisteron.fr\\\/#website\"},\"primaryImageOfPage\":{\"@id\":\"https:\\\/\\\/www.citadelledesisteron.fr\\\/journee-europeenne-du-patrimoine-2025\\\/#primaryimage\"},\"image\":{\"@id\":\"https:\\\/\\\/www.citadelledesisteron.fr\\\/journee-europeenne-du-patrimoine-2025\\\/#primaryimage\"},\"thumbnailUrl\":\"https:\\\/\\\/www.citadelledesisteron.fr\\\/wp-content\\\/uploads\\\/2025\\\/09\\\/Capture-affiche-JEP-nationale.png\",\"datePublished\":\"2025-09-03T14:20:29+00:00\",\"dateModified\":\"2025-09-03T15:22:16+00:00\",\"breadcrumb\":{\"@id\":\"https:\\\/\\\/www.citadelledesisteron.fr\\\/journee-europeenne-du-patrimoine-2025\\\/#breadcrumb\"},\"inLanguage\":\"en-GB\",\"potentialAction\":[{\"@type\":\"ReadAction\",\"target\":[\"https:\\\/\\\/www.citadelledesisteron.fr\\\/journee-europeenne-du-patrimoine-2025\\\/\"]}]},{\"@type\":\"ImageObject\",\"inLanguage\":\"en-GB\",\"@id\":\"https:\\\/\\\/www.citadelledesisteron.fr\\\/journee-europeenne-du-patrimoine-2025\\\/#primaryimage\",\"url\":\"https:\\\/\\\/www.citadelledesisteron.fr\\\/wp-content\\\/uploads\\\/2025\\\/09\\\/Capture-affiche-JEP-nationale.png\",\"contentUrl\":\"https:\\\/\\\/www.citadelledesisteron.fr\\\/wp-content\\\/uploads\\\/2025\\\/09\\\/Capture-affiche-JEP-nationale.png\",\"width\":538,\"height\":602},{\"@type\":\"BreadcrumbList\",\"@id\":\"https:\\\/\\\/www.citadelledesisteron.fr\\\/journee-europeenne-du-patrimoine-2025\\\/#breadcrumb\",\"itemListElement\":[{\"@type\":\"ListItem\",\"position\":1,\"name\":\"Accueil\",\"item\":\"https:\\\/\\\/www.citadelledesisteron.fr\\\/\"},{\"@type\":\"ListItem\",\"position\":2,\"name\":\"Journ\u00e9e Europ\u00e9enne du Patrimoine 2025\"}]},{\"@type\":\"WebSite\",\"@id\":\"https:\\\/\\\/www.citadelledesisteron.fr\\\/#website\",\"url\":\"https:\\\/\\\/www.citadelledesisteron.fr\\\/\",\"name\":\"Citadelle de Sisteron\",\"description\":\"Un site utilisant WordPress\",\"publisher\":{\"@id\":\"https:\\\/\\\/www.citadelledesisteron.fr\\\/#organization\"},\"potentialAction\":[{\"@type\":\"SearchAction\",\"target\":{\"@type\":\"EntryPoint\",\"urlTemplate\":\"https:\\\/\\\/www.citadelledesisteron.fr\\\/?s={search_term_string}\"},\"query-input\":{\"@type\":\"PropertyValueSpecification\",\"valueRequired\":true,\"valueName\":\"search_term_string\"}}],\"inLanguage\":\"en-GB\"},{\"@type\":\"Organization\",\"@id\":\"https:\\\/\\\/www.citadelledesisteron.fr\\\/#organization\",\"name\":\"Citadelle de Sisteron\",\"url\":\"https:\\\/\\\/www.citadelledesisteron.fr\\\/\",\"logo\":{\"@type\":\"ImageObject\",\"inLanguage\":\"en-GB\",\"@id\":\"https:\\\/\\\/www.citadelledesisteron.fr\\\/#\\\/schema\\\/logo\\\/image\\\/\",\"url\":\"https:\\\/\\\/www.citadelledesisteron.fr\\\/wp-content\\\/uploads\\\/2022\\\/06\\\/cropped-citadelleSisteron.png\",\"contentUrl\":\"https:\\\/\\\/www.citadelledesisteron.fr\\\/wp-content\\\/uploads\\\/2022\\\/06\\\/cropped-citadelleSisteron.png\",\"width\":835,\"height\":231,\"caption\":\"Citadelle de Sisteron\"},\"image\":{\"@id\":\"https:\\\/\\\/www.citadelledesisteron.fr\\\/#\\\/schema\\\/logo\\\/image\\\/\"},\"sameAs\":[\"https:\\\/\\\/www.facebook.com\\\/citadelledesisteron\\\/\",\"https:\\\/\\\/www.youtube.com\\\/channel\\\/UC3a5Quz-UGKoYbE23Y_NTyg\",\"https:\\\/\\\/www.instagram.com\\\/citadelledesisteron\\\/?hl=fr\"]},{\"@type\":\"Person\",\"@id\":\"https:\\\/\\\/www.citadelledesisteron.fr\\\/#\\\/schema\\\/person\\\/9554fd59969f9d3a9ac734313009ae73\",\"name\":\"admin_atm\",\"image\":{\"@type\":\"ImageObject\",\"inLanguage\":\"en-GB\",\"@id\":\"https:\\\/\\\/secure.gravatar.com\\\/avatar\\\/21a15a9664960f4827df549f60fbd0bdfb974e89efba6399b1deb424de3ed4d1?s=96&d=mm&r=g\",\"url\":\"https:\\\/\\\/secure.gravatar.com\\\/avatar\\\/21a15a9664960f4827df549f60fbd0bdfb974e89efba6399b1deb424de3ed4d1?s=96&d=mm&r=g\",\"contentUrl\":\"https:\\\/\\\/secure.gravatar.com\\\/avatar\\\/21a15a9664960f4827df549f60fbd0bdfb974e89efba6399b1deb424de3ed4d1?s=96&d=mm&r=g\",\"caption\":\"admin_atm\"}}]}<\/script>\n<!-- \/ Yoast SEO plugin. -->","yoast_head_json":{"title":"Journ\u00e9e Europ\u00e9enne du Patrimoine 2025 - Citadelle de Sisteron","robots":{"index":"index","follow":"follow","max-snippet":"max-snippet:-1","max-image-preview":"max-image-preview:large","max-video-preview":"max-video-preview:-1"},"canonical":"https:\/\/www.citadelledesisteron.fr\/en\/journee-europeenne-du-patrimoine-2025\/","og_locale":"en_GB","og_type":"article","og_title":"Journ\u00e9e Europ\u00e9enne du Patrimoine 2025 - Citadelle de Sisteron","og_description":"Le dimanche 21 septembre uniquement, la Citadelle est accessible gratuitement dans le cadre des Journ\u00e9es Europ\u00e9ennes du Patrimoine 2025.","og_url":"https:\/\/www.citadelledesisteron.fr\/en\/journee-europeenne-du-patrimoine-2025\/","og_site_name":"Citadelle de Sisteron","article_publisher":"https:\/\/www.facebook.com\/citadelledesisteron\/","article_published_time":"2025-09-03T14:20:29+00:00","article_modified_time":"2025-09-03T15:22:16+00:00","og_image":[{"width":538,"height":602,"url":"https:\/\/www.citadelledesisteron.fr\/wp-content\/uploads\/2025\/09\/Capture-affiche-JEP-nationale.png","type":"image\/png"}],"author":"admin_atm","twitter_card":"summary_large_image","twitter_misc":{"Written by":"admin_atm","Estimated reading time":"3 minutes"},"schema":{"@context":"https:\/\/schema.org","@graph":[{"@type":"Article","@id":"https:\/\/www.citadelledesisteron.fr\/journee-europeenne-du-patrimoine-2025\/#article","isPartOf":{"@id":"https:\/\/www.citadelledesisteron.fr\/journee-europeenne-du-patrimoine-2025\/"},"author":{"name":"admin_atm","@id":"https:\/\/www.citadelledesisteron.fr\/#\/schema\/person\/9554fd59969f9d3a9ac734313009ae73"},"headline":"Journ\u00e9e Europ\u00e9enne du Patrimoine 2025","datePublished":"2025-09-03T14:20:29+00:00","dateModified":"2025-09-03T15:22:16+00:00","mainEntityOfPage":{"@id":"https:\/\/www.citadelledesisteron.fr\/journee-europeenne-du-patrimoine-2025\/"},"wordCount":433,"publisher":{"@id":"https:\/\/www.citadelledesisteron.fr\/#organization"},"image":{"@id":"https:\/\/www.citadelledesisteron.fr\/journee-europeenne-du-patrimoine-2025\/#primaryimage"},"thumbnailUrl":"https:\/\/www.citadelledesisteron.fr\/wp-content\/uploads\/2025\/09\/Capture-affiche-JEP-nationale.png","articleSection":["2024"],"inLanguage":"en-GB"},{"@type":"WebPage","@id":"https:\/\/www.citadelledesisteron.fr\/journee-europeenne-du-patrimoine-2025\/","url":"https:\/\/www.citadelledesisteron.fr\/journee-europeenne-du-patrimoine-2025\/","name":"Journ\u00e9e Europ\u00e9enne du Patrimoine 2025 - Citadelle de Sisteron","isPartOf":{"@id":"https:\/\/www.citadelledesisteron.fr\/#website"},"primaryImageOfPage":{"@id":"https:\/\/www.citadelledesisteron.fr\/journee-europeenne-du-patrimoine-2025\/#primaryimage"},"image":{"@id":"https:\/\/www.citadelledesisteron.fr\/journee-europeenne-du-patrimoine-2025\/#primaryimage"},"thumbnailUrl":"https:\/\/www.citadelledesisteron.fr\/wp-content\/uploads\/2025\/09\/Capture-affiche-JEP-nationale.png","datePublished":"2025-09-03T14:20:29+00:00","dateModified":"2025-09-03T15:22:16+00:00","breadcrumb":{"@id":"https:\/\/www.citadelledesisteron.fr\/journee-europeenne-du-patrimoine-2025\/#breadcrumb"},"inLanguage":"en-GB","potentialAction":[{"@type":"ReadAction","target":["https:\/\/www.citadelledesisteron.fr\/journee-europeenne-du-patrimoine-2025\/"]}]},{"@type":"ImageObject","inLanguage":"en-GB","@id":"https:\/\/www.citadelledesisteron.fr\/journee-europeenne-du-patrimoine-2025\/#primaryimage","url":"https:\/\/www.citadelledesisteron.fr\/wp-content\/uploads\/2025\/09\/Capture-affiche-JEP-nationale.png","contentUrl":"https:\/\/www.citadelledesisteron.fr\/wp-content\/uploads\/2025\/09\/Capture-affiche-JEP-nationale.png","width":538,"height":602},{"@type":"BreadcrumbList","@id":"https:\/\/www.citadelledesisteron.fr\/journee-europeenne-du-patrimoine-2025\/#breadcrumb","itemListElement":[{"@type":"ListItem","position":1,"name":"Accueil","item":"https:\/\/www.citadelledesisteron.fr\/"},{"@type":"ListItem","position":2,"name":"Journ\u00e9e Europ\u00e9enne du Patrimoine 2025"}]},{"@type":"WebSite","@id":"https:\/\/www.citadelledesisteron.fr\/#website","url":"https:\/\/www.citadelledesisteron.fr\/","name":"Citadelle de Sisteron","description":"Un site utilisant WordPress","publisher":{"@id":"https:\/\/www.citadelledesisteron.fr\/#organization"},"potentialAction":[{"@type":"SearchAction","target":{"@type":"EntryPoint","urlTemplate":"https:\/\/www.citadelledesisteron.fr\/?s={search_term_string}"},"query-input":{"@type":"PropertyValueSpecification","valueRequired":true,"valueName":"search_term_string"}}],"inLanguage":"en-GB"},{"@type":"Organization","@id":"https:\/\/www.citadelledesisteron.fr\/#organization","name":"Citadelle de Sisteron","url":"https:\/\/www.citadelledesisteron.fr\/","logo":{"@type":"ImageObject","inLanguage":"en-GB","@id":"https:\/\/www.citadelledesisteron.fr\/#\/schema\/logo\/image\/","url":"https:\/\/www.citadelledesisteron.fr\/wp-content\/uploads\/2022\/06\/cropped-citadelleSisteron.png","contentUrl":"https:\/\/www.citadelledesisteron.fr\/wp-content\/uploads\/2022\/06\/cropped-citadelleSisteron.png","width":835,"height":231,"caption":"Citadelle de Sisteron"},"image":{"@id":"https:\/\/www.citadelledesisteron.fr\/#\/schema\/logo\/image\/"},"sameAs":["https:\/\/www.facebook.com\/citadelledesisteron\/","https:\/\/www.youtube.com\/channel\/UC3a5Quz-UGKoYbE23Y_NTyg","https:\/\/www.instagram.com\/citadelledesisteron\/?hl=fr"]},{"@type":"Person","@id":"https:\/\/www.citadelledesisteron.fr\/#\/schema\/person\/9554fd59969f9d3a9ac734313009ae73","name":"admin_atm","image":{"@type":"ImageObject","inLanguage":"en-GB","@id":"https:\/\/secure.gravatar.com\/avatar\/21a15a9664960f4827df549f60fbd0bdfb974e89efba6399b1deb424de3ed4d1?s=96&d=mm&r=g","url":"https:\/\/secure.gravatar.com\/avatar\/21a15a9664960f4827df549f60fbd0bdfb974e89efba6399b1deb424de3ed4d1?s=96&d=mm&r=g","contentUrl":"https:\/\/secure.gravatar.com\/avatar\/21a15a9664960f4827df549f60fbd0bdfb974e89efba6399b1deb424de3ed4d1?s=96&d=mm&r=g","caption":"admin_atm"}}]}},"_links":{"self":[{"href":"https:\/\/www.citadelledesisteron.fr\/en\/wp-json\/wp\/v2\/posts\/1556","targetHints":{"allow":["GET"]}}],"collection":[{"href":"https:\/\/www.citadelledesisteron.fr\/en\/wp-json\/wp\/v2\/posts"}],"about":[{"href":"https:\/\/www.citadelledesisteron.fr\/en\/wp-json\/wp\/v2\/types\/post"}],"author":[{"embeddable":true,"href":"https:\/\/www.citadelledesisteron.fr\/en\/wp-json\/wp\/v2\/users\/3"}],"replies":[{"embeddable":true,"href":"https:\/\/www.citadelledesisteron.fr\/en\/wp-json\/wp\/v2\/comments?post=1556"}],"version-history":[{"count":11,"href":"https:\/\/www.citadelledesisteron.fr\/en\/wp-json\/wp\/v2\/posts\/1556\/revisions"}],"predecessor-version":[{"id":1588,"href":"https:\/\/www.citadelledesisteron.fr\/en\/wp-json\/wp\/v2\/posts\/1556\/revisions\/1588"}],"wp:featuredmedia":[{"embeddable":true,"href":"https:\/\/www.citadelledesisteron.fr\/en\/wp-json\/wp\/v2\/media\/1561"}],"wp:attachment":[{"href":"https:\/\/www.citadelledesisteron.fr\/en\/wp-json\/wp\/v2\/media?parent=1556"}],"wp:term":[{"taxonomy":"category","embeddable":true,"href":"https:\/\/www.citadelledesisteron.fr\/en\/wp-json\/wp\/v2\/categories?post=1556"},{"taxonomy":"post_tag","embeddable":true,"href":"https:\/\/www.citadelledesisteron.fr\/en\/wp-json\/wp\/v2\/tags?post=1556"}],"curies":[{"name":"wp","href":"https:\/\/api.w.org\/{rel}","templated":true}]}}