{"id":1997,"date":"2026-09-04T12:18:11","date_gmt":"2026-09-04T10:18:11","guid":{"rendered":"https:\/\/www.citadelledesisteron.fr\/?p=1997"},"modified":"2026-09-04T12:29:41","modified_gmt":"2026-09-04T10:29:41","slug":"journee-europeenne-du-patrimoine-2026","status":"publish","type":"post","link":"https:\/\/www.citadelledesisteron.fr\/en\/journee-europeenne-du-patrimoine-2026\/","title":{"rendered":"Journ\u00e9e Europ\u00e9enne du Patrimoine 2026"},"content":{"rendered":"<p class=\"wp-block-paragraph\"><strong>Samedi 19 et dimanche 20 septembre 2026<\/strong><\/p>\n\n\n\n<p class=\"wp-block-paragraph\"><strong><mark style=\"background-color:rgba(0, 0, 0, 0)\" class=\"has-inline-color has-luminous-vivid-amber-color\">UNIQUEMENT LE DIMANCHE 20 SEPTEMBRE DE 9H \u00c0 19H (fermeture de la billetterie \u00e0 18h).<\/mark><\/strong><\/p>\n\n\n\n<p class=\"wp-block-paragraph\">\u00c0 l\u2019occasion des <strong>Journ\u00e9es europ\u00e9ennes du patrimoine<\/strong>, la Citadelle de Sisteron vous invite \u00e0 venir (re)d\u00e9couvrir son histoire, son architecture et ses nouveaux espaces de visite. La gratuit\u00e9 est valable uniquement le dimanche.<\/p>\n\n\n<div class=\"wp-block-image\">\n<figure class=\"aligncenter size-large is-resized\"><img loading=\"lazy\" decoding=\"async\" width=\"819\" height=\"1024\" src=\"https:\/\/www.citadelledesisteron.fr\/wp-content\/uploads\/2026\/09\/JEP-2026-Affiche-819x1024.jpg\" alt=\"\" class=\"wp-image-2000\" style=\"aspect-ratio:0.7998199851141536;width:569px;height:auto\" srcset=\"https:\/\/www.citadelledesisteron.fr\/wp-content\/uploads\/2026\/09\/JEP-2026-Affiche-819x1024.jpg 819w, https:\/\/www.citadelledesisteron.fr\/wp-content\/uploads\/2026\/09\/JEP-2026-Affiche-240x300.jpg 240w, https:\/\/www.citadelledesisteron.fr\/wp-content\/uploads\/2026\/09\/JEP-2026-Affiche-768x960.jpg 768w, https:\/\/www.citadelledesisteron.fr\/wp-content\/uploads\/2026\/09\/JEP-2026-Affiche-10x12.jpg 10w, https:\/\/www.citadelledesisteron.fr\/wp-content\/uploads\/2026\/09\/JEP-2026-Affiche.jpg 960w\" sizes=\"auto, (max-width: 819px) 100vw, 819px\" \/><\/figure>\n<\/div>\n\n\n<p class=\"wp-block-paragraph\">Cette \u00e9dition, plac\u00e9e sous le th\u00e8me <strong>\u00ab Patrimoine en p\u00e9ril : raviver, r\u00e9sister, r\u00e9imaginer \u00bb<\/strong>, sera l\u2019occasion de d\u00e9couvrir la Citadelle autrement, avec des <strong>visites guid\u00e9es, des d\u00e9monstrations du pont-levis \u00e0 zig-zag et, le dimanche, des animations sportives propos\u00e9es par TRACS<\/strong>.<\/p>\n\n\n\n<p class=\"wp-block-paragraph\"><strong>D\u00e9couvrez la nouvelle mus\u00e9ographie de la Citadelle<\/strong><\/p>\n\n\n\n<p class=\"wp-block-paragraph\">Profitez \u00e9galement de ce week-end pour d\u00e9couvrir la <strong>nouvelle mus\u00e9ographie de la Citadelle de Sisteron<\/strong>, mise en place \u00e0 la suite d\u2019un important programme de r\u00e9novation et de renouvellement du parcours de visite.<\/p>\n\n\n\n<p class=\"wp-block-paragraph\">Plus immersive et enrichie de nouveaux contenus, cette nouvelle mus\u00e9ographie permet de mieux comprendre l\u2019histoire du monument et les diff\u00e9rentes p\u00e9riodes qui ont marqu\u00e9 son \u00e9volution.<\/p>\n\n\n\n<p class=\"wp-block-paragraph\"><strong>Samedi 19 septembre : visite guid\u00e9e \u00e0 10h30<\/strong><\/p>\n\n\n\n<p class=\"wp-block-paragraph\">\u00c0 <strong>10h30<\/strong>, une visite guid\u00e9e vous permettra de d\u00e9couvrir la Citadelle et ses particularit\u00e9s, avec notamment une <strong>d\u00e9monstration du pont-levis \u00e0 zig-zag<\/strong>.<br><strong>\u26a0\ufe0f Attention : l\u2019acc\u00e8s \u00e0 la Citadelle est payant le samedi.<\/strong><br>La visite guid\u00e9e est toutefois <strong>comprise dans le billet d\u2019entr\u00e9e<\/strong>, sans suppl\u00e9ment.<\/p>\n\n\n\n<p class=\"wp-block-paragraph\"><strong>Dimanche 20 septembre : entr\u00e9e gratuite !<\/strong><\/p>\n\n\n\n<p class=\"wp-block-paragraph\">Le <strong>dimanche 20 septembre<\/strong>, l\u2019acc\u00e8s \u00e0 la Citadelle est <strong>enti\u00e8rement gratuit<\/strong>, animations comprises.<\/p>\n\n\n\n<p class=\"wp-block-paragraph\">Deux <strong>visites guid\u00e9es<\/strong> seront propos\u00e9es \u00e0 <strong>10h30 et 14h30<\/strong>, avec une d\u00e9monstration du pont-levis \u00e0 zig-zag.<\/p>\n\n\n\n<p class=\"wp-block-paragraph\">De <strong>9h \u00e0 18h<\/strong>, les visiteurs pourront \u00e9galement participer aux <strong>animations sportives propos\u00e9es par TRACS<\/strong> et d\u00e9couvrir le monument de mani\u00e8re ludique et conviviale.<\/p>\n\n\n\n<p class=\"wp-block-paragraph\">Et n\u2019oublions pas, bien s\u00fbr, que la Citadelle offre l\u2019un des plus beaux points de vue de Haute Provence&nbsp;!<\/p>\n\n\n\n<p class=\"has-text-align-center wp-block-paragraph\"><strong><mark style=\"background-color:rgba(0, 0, 0, 0)\" class=\"has-inline-color has-luminous-vivid-amber-color\">INFORMATIONS PRATIQUES : <\/mark><\/strong><\/p>\n\n\n\n<p class=\"has-text-align-left wp-block-paragraph\">Horaires d&rsquo;ouverture de 9h \u00e0 19h (fermeture de la billetterie \u00e0 18h).<\/p>\n\n\n\n<p class=\"has-text-align-left wp-block-paragraph\">Visites guid\u00e9es sans r\u00e9servation, dur\u00e9e : 1h30<br>Pour les visites guid\u00e9es, se pr\u00e9senter \u00e0 l&rsquo;accueil minimum 15 min avant l&rsquo;heure de la visite. <\/p>\n\n\n\n<p class=\"has-text-align-left wp-block-paragraph\">Information and bookings on 04 92 61 21 20<br><\/p>\n\n\n\n<p class=\"wp-block-paragraph\"><\/p>","protected":false},"excerpt":{"rendered":"<p>Le dimanche 20 septembre uniquement, la Citadelle est accessible gratuitement dans le cadre des Journ\u00e9es Europ\u00e9ennes du Patrimoine 2026.<\/p>","protected":false},"author":3,"featured_media":1998,"comment_status":"closed","ping_status":"open","sticky":false,"template":"","format":"standard","meta":{"_editorskit_title_hidden":false,"_editorskit_reading_time":0,"_editorskit_is_block_options_detached":false,"_editorskit_block_options_position":"{}","om_disable_all_campaigns":false,"_monsterinsights_skip_tracking":false,"_monsterinsights_sitenote_active":false,"_monsterinsights_sitenote_note":"","_monsterinsights_sitenote_category":0,"footnotes":""},"categories":[225],"tags":[],"class_list":["post-1997","post","type-post","status-publish","format-standard","has-post-thumbnail","hentry","category-225"],"yoast_head":"<!-- This site is optimized with the Yoast SEO plugin v28.4 - https:\/\/yoast.com\/product\/yoast-seo-wordpress\/ -->\n<title>Journ\u00e9e Europ\u00e9enne du Patrimoine 2026 - Citadelle de Sisteron<\/title>\n<meta name=\"robots\" content=\"index, follow, max-snippet:-1, max-image-preview:large, max-video-preview:-1\" \/>\n<link rel=\"canonical\" href=\"https:\/\/www.citadelledesisteron.fr\/en\/journee-europeenne-du-patrimoine-2026\/\" \/>\n<meta property=\"og:locale\" content=\"en_GB\" \/>\n<meta property=\"og:type\" content=\"article\" \/>\n<meta property=\"og:title\" content=\"Journ\u00e9e Europ\u00e9enne du Patrimoine 2026 - Citadelle de Sisteron\" \/>\n<meta property=\"og:description\" content=\"Le dimanche 20 septembre uniquement, la Citadelle est accessible gratuitement dans le cadre des Journ\u00e9es Europ\u00e9ennes du Patrimoine 2026.\" \/>\n<meta property=\"og:url\" content=\"https:\/\/www.citadelledesisteron.fr\/en\/journee-europeenne-du-patrimoine-2026\/\" \/>\n<meta property=\"og:site_name\" content=\"Citadelle de Sisteron\" \/>\n<meta property=\"article:publisher\" content=\"https:\/\/www.facebook.com\/citadelledesisteron\/\" \/>\n<meta property=\"article:published_time\" content=\"2026-09-04T10:18:11+00:00\" \/>\n<meta property=\"article:modified_time\" content=\"2026-09-04T10:29:41+00:00\" \/>\n<meta property=\"og:image\" content=\"https:\/\/www.citadelledesisteron.fr\/wp-content\/uploads\/2026\/09\/Affiche-JEP-2026-250-x-350-px-Panneau-Ville.png\" \/>\n\t<meta property=\"og:image:width\" content=\"250\" \/>\n\t<meta property=\"og:image:height\" content=\"350\" \/>\n\t<meta property=\"og:image:type\" content=\"image\/png\" \/>\n<meta name=\"author\" content=\"admin_atm\" \/>\n<meta name=\"twitter:card\" content=\"summary_large_image\" \/>\n<meta name=\"twitter:label1\" content=\"Written by\" \/>\n\t<meta name=\"twitter:data1\" content=\"admin_atm\" \/>\n\t<meta name=\"twitter:label2\" content=\"Estimated reading time\" \/>\n\t<meta name=\"twitter:data2\" content=\"3 minutes\" \/>\n<script type=\"application\/ld+json\" class=\"yoast-schema-graph\">{\"@context\":\"https:\\\/\\\/schema.org\",\"@graph\":[{\"@type\":\"Article\",\"@id\":\"https:\\\/\\\/www.citadelledesisteron.fr\\\/journee-europeenne-du-patrimoine-2026\\\/#article\",\"isPartOf\":{\"@id\":\"https:\\\/\\\/www.citadelledesisteron.fr\\\/journee-europeenne-du-patrimoine-2026\\\/\"},\"author\":{\"name\":\"admin_atm\",\"@id\":\"https:\\\/\\\/www.citadelledesisteron.fr\\\/#\\\/schema\\\/person\\\/9554fd59969f9d3a9ac734313009ae73\"},\"headline\":\"Journ\u00e9e Europ\u00e9enne du Patrimoine 2026\",\"datePublished\":\"2026-09-04T10:18:11+00:00\",\"dateModified\":\"2026-09-04T10:29:41+00:00\",\"mainEntityOfPage\":{\"@id\":\"https:\\\/\\\/www.citadelledesisteron.fr\\\/journee-europeenne-du-patrimoine-2026\\\/\"},\"wordCount\":363,\"publisher\":{\"@id\":\"https:\\\/\\\/www.citadelledesisteron.fr\\\/#organization\"},\"image\":{\"@id\":\"https:\\\/\\\/www.citadelledesisteron.fr\\\/journee-europeenne-du-patrimoine-2026\\\/#primaryimage\"},\"thumbnailUrl\":\"https:\\\/\\\/www.citadelledesisteron.fr\\\/wp-content\\\/uploads\\\/2026\\\/09\\\/Affiche-JEP-2026-250-x-350-px-Panneau-Ville.png\",\"articleSection\":[\"2026\"],\"inLanguage\":\"en-GB\"},{\"@type\":\"WebPage\",\"@id\":\"https:\\\/\\\/www.citadelledesisteron.fr\\\/journee-europeenne-du-patrimoine-2026\\\/\",\"url\":\"https:\\\/\\\/www.citadelledesisteron.fr\\\/journee-europeenne-du-patrimoine-2026\\\/\",\"name\":\"Journ\u00e9e Europ\u00e9enne du Patrimoine 2026 - Citadelle de Sisteron\",\"isPartOf\":{\"@id\":\"https:\\\/\\\/www.citadelledesisteron.fr\\\/#website\"},\"primaryImageOfPage\":{\"@id\":\"https:\\\/\\\/www.citadelledesisteron.fr\\\/journee-europeenne-du-patrimoine-2026\\\/#primaryimage\"},\"image\":{\"@id\":\"https:\\\/\\\/www.citadelledesisteron.fr\\\/journee-europeenne-du-patrimoine-2026\\\/#primaryimage\"},\"thumbnailUrl\":\"https:\\\/\\\/www.citadelledesisteron.fr\\\/wp-content\\\/uploads\\\/2026\\\/09\\\/Affiche-JEP-2026-250-x-350-px-Panneau-Ville.png\",\"datePublished\":\"2026-09-04T10:18:11+00:00\",\"dateModified\":\"2026-09-04T10:29:41+00:00\",\"breadcrumb\":{\"@id\":\"https:\\\/\\\/www.citadelledesisteron.fr\\\/journee-europeenne-du-patrimoine-2026\\\/#breadcrumb\"},\"inLanguage\":\"en-GB\",\"potentialAction\":[{\"@type\":\"ReadAction\",\"target\":[\"https:\\\/\\\/www.citadelledesisteron.fr\\\/journee-europeenne-du-patrimoine-2026\\\/\"]}]},{\"@type\":\"ImageObject\",\"inLanguage\":\"en-GB\",\"@id\":\"https:\\\/\\\/www.citadelledesisteron.fr\\\/journee-europeenne-du-patrimoine-2026\\\/#primaryimage\",\"url\":\"https:\\\/\\\/www.citadelledesisteron.fr\\\/wp-content\\\/uploads\\\/2026\\\/09\\\/Affiche-JEP-2026-250-x-350-px-Panneau-Ville.png\",\"contentUrl\":\"https:\\\/\\\/www.citadelledesisteron.fr\\\/wp-content\\\/uploads\\\/2026\\\/09\\\/Affiche-JEP-2026-250-x-350-px-Panneau-Ville.png\",\"width\":250,\"height\":350},{\"@type\":\"BreadcrumbList\",\"@id\":\"https:\\\/\\\/www.citadelledesisteron.fr\\\/journee-europeenne-du-patrimoine-2026\\\/#breadcrumb\",\"itemListElement\":[{\"@type\":\"ListItem\",\"position\":1,\"name\":\"Accueil\",\"item\":\"https:\\\/\\\/www.citadelledesisteron.fr\\\/\"},{\"@type\":\"ListItem\",\"position\":2,\"name\":\"Journ\u00e9e Europ\u00e9enne du Patrimoine 2026\"}]},{\"@type\":\"WebSite\",\"@id\":\"https:\\\/\\\/www.citadelledesisteron.fr\\\/#website\",\"url\":\"https:\\\/\\\/www.citadelledesisteron.fr\\\/\",\"name\":\"Citadelle de Sisteron\",\"description\":\"Un site utilisant WordPress\",\"publisher\":{\"@id\":\"https:\\\/\\\/www.citadelledesisteron.fr\\\/#organization\"},\"potentialAction\":[{\"@type\":\"SearchAction\",\"target\":{\"@type\":\"EntryPoint\",\"urlTemplate\":\"https:\\\/\\\/www.citadelledesisteron.fr\\\/?s={search_term_string}\"},\"query-input\":{\"@type\":\"PropertyValueSpecification\",\"valueRequired\":true,\"valueName\":\"search_term_string\"}}],\"inLanguage\":\"en-GB\"},{\"@type\":\"Organization\",\"@id\":\"https:\\\/\\\/www.citadelledesisteron.fr\\\/#organization\",\"name\":\"Citadelle de Sisteron\",\"url\":\"https:\\\/\\\/www.citadelledesisteron.fr\\\/\",\"logo\":{\"@type\":\"ImageObject\",\"inLanguage\":\"en-GB\",\"@id\":\"https:\\\/\\\/www.citadelledesisteron.fr\\\/#\\\/schema\\\/logo\\\/image\\\/\",\"url\":\"https:\\\/\\\/www.citadelledesisteron.fr\\\/wp-content\\\/uploads\\\/2022\\\/06\\\/cropped-citadelleSisteron.png\",\"contentUrl\":\"https:\\\/\\\/www.citadelledesisteron.fr\\\/wp-content\\\/uploads\\\/2022\\\/06\\\/cropped-citadelleSisteron.png\",\"width\":835,\"height\":231,\"caption\":\"Citadelle de Sisteron\"},\"image\":{\"@id\":\"https:\\\/\\\/www.citadelledesisteron.fr\\\/#\\\/schema\\\/logo\\\/image\\\/\"},\"sameAs\":[\"https:\\\/\\\/www.facebook.com\\\/citadelledesisteron\\\/\",\"https:\\\/\\\/www.youtube.com\\\/channel\\\/UC3a5Quz-UGKoYbE23Y_NTyg\",\"https:\\\/\\\/www.instagram.com\\\/citadelledesisteron\\\/?hl=fr\"]},{\"@type\":\"Person\",\"@id\":\"https:\\\/\\\/www.citadelledesisteron.fr\\\/#\\\/schema\\\/person\\\/9554fd59969f9d3a9ac734313009ae73\",\"name\":\"admin_atm\",\"image\":{\"@type\":\"ImageObject\",\"inLanguage\":\"en-GB\",\"@id\":\"https:\\\/\\\/secure.gravatar.com\\\/avatar\\\/21a15a9664960f4827df549f60fbd0bdfb974e89efba6399b1deb424de3ed4d1?s=96&d=mm&r=g\",\"url\":\"https:\\\/\\\/secure.gravatar.com\\\/avatar\\\/21a15a9664960f4827df549f60fbd0bdfb974e89efba6399b1deb424de3ed4d1?s=96&d=mm&r=g\",\"contentUrl\":\"https:\\\/\\\/secure.gravatar.com\\\/avatar\\\/21a15a9664960f4827df549f60fbd0bdfb974e89efba6399b1deb424de3ed4d1?s=96&d=mm&r=g\",\"caption\":\"admin_atm\"}}]}<\/script>\n<!-- \/ Yoast SEO plugin. -->","yoast_head_json":{"title":"Journ\u00e9e Europ\u00e9enne du Patrimoine 2026 - Citadelle de Sisteron","robots":{"index":"index","follow":"follow","max-snippet":"max-snippet:-1","max-image-preview":"max-image-preview:large","max-video-preview":"max-video-preview:-1"},"canonical":"https:\/\/www.citadelledesisteron.fr\/en\/journee-europeenne-du-patrimoine-2026\/","og_locale":"en_GB","og_type":"article","og_title":"Journ\u00e9e Europ\u00e9enne du Patrimoine 2026 - Citadelle de Sisteron","og_description":"Le dimanche 20 septembre uniquement, la Citadelle est accessible gratuitement dans le cadre des Journ\u00e9es Europ\u00e9ennes du Patrimoine 2026.","og_url":"https:\/\/www.citadelledesisteron.fr\/en\/journee-europeenne-du-patrimoine-2026\/","og_site_name":"Citadelle de Sisteron","article_publisher":"https:\/\/www.facebook.com\/citadelledesisteron\/","article_published_time":"2026-09-04T10:18:11+00:00","article_modified_time":"2026-09-04T10:29:41+00:00","og_image":[{"width":250,"height":350,"url":"https:\/\/www.citadelledesisteron.fr\/wp-content\/uploads\/2026\/09\/Affiche-JEP-2026-250-x-350-px-Panneau-Ville.png","type":"image\/png"}],"author":"admin_atm","twitter_card":"summary_large_image","twitter_misc":{"Written by":"admin_atm","Estimated reading time":"3 minutes"},"schema":{"@context":"https:\/\/schema.org","@graph":[{"@type":"Article","@id":"https:\/\/www.citadelledesisteron.fr\/journee-europeenne-du-patrimoine-2026\/#article","isPartOf":{"@id":"https:\/\/www.citadelledesisteron.fr\/journee-europeenne-du-patrimoine-2026\/"},"author":{"name":"admin_atm","@id":"https:\/\/www.citadelledesisteron.fr\/#\/schema\/person\/9554fd59969f9d3a9ac734313009ae73"},"headline":"Journ\u00e9e Europ\u00e9enne du Patrimoine 2026","datePublished":"2026-09-04T10:18:11+00:00","dateModified":"2026-09-04T10:29:41+00:00","mainEntityOfPage":{"@id":"https:\/\/www.citadelledesisteron.fr\/journee-europeenne-du-patrimoine-2026\/"},"wordCount":363,"publisher":{"@id":"https:\/\/www.citadelledesisteron.fr\/#organization"},"image":{"@id":"https:\/\/www.citadelledesisteron.fr\/journee-europeenne-du-patrimoine-2026\/#primaryimage"},"thumbnailUrl":"https:\/\/www.citadelledesisteron.fr\/wp-content\/uploads\/2026\/09\/Affiche-JEP-2026-250-x-350-px-Panneau-Ville.png","articleSection":["2026"],"inLanguage":"en-GB"},{"@type":"WebPage","@id":"https:\/\/www.citadelledesisteron.fr\/journee-europeenne-du-patrimoine-2026\/","url":"https:\/\/www.citadelledesisteron.fr\/journee-europeenne-du-patrimoine-2026\/","name":"Journ\u00e9e Europ\u00e9enne du Patrimoine 2026 - Citadelle de Sisteron","isPartOf":{"@id":"https:\/\/www.citadelledesisteron.fr\/#website"},"primaryImageOfPage":{"@id":"https:\/\/www.citadelledesisteron.fr\/journee-europeenne-du-patrimoine-2026\/#primaryimage"},"image":{"@id":"https:\/\/www.citadelledesisteron.fr\/journee-europeenne-du-patrimoine-2026\/#primaryimage"},"thumbnailUrl":"https:\/\/www.citadelledesisteron.fr\/wp-content\/uploads\/2026\/09\/Affiche-JEP-2026-250-x-350-px-Panneau-Ville.png","datePublished":"2026-09-04T10:18:11+00:00","dateModified":"2026-09-04T10:29:41+00:00","breadcrumb":{"@id":"https:\/\/www.citadelledesisteron.fr\/journee-europeenne-du-patrimoine-2026\/#breadcrumb"},"inLanguage":"en-GB","potentialAction":[{"@type":"ReadAction","target":["https:\/\/www.citadelledesisteron.fr\/journee-europeenne-du-patrimoine-2026\/"]}]},{"@type":"ImageObject","inLanguage":"en-GB","@id":"https:\/\/www.citadelledesisteron.fr\/journee-europeenne-du-patrimoine-2026\/#primaryimage","url":"https:\/\/www.citadelledesisteron.fr\/wp-content\/uploads\/2026\/09\/Affiche-JEP-2026-250-x-350-px-Panneau-Ville.png","contentUrl":"https:\/\/www.citadelledesisteron.fr\/wp-content\/uploads\/2026\/09\/Affiche-JEP-2026-250-x-350-px-Panneau-Ville.png","width":250,"height":350},{"@type":"BreadcrumbList","@id":"https:\/\/www.citadelledesisteron.fr\/journee-europeenne-du-patrimoine-2026\/#breadcrumb","itemListElement":[{"@type":"ListItem","position":1,"name":"Accueil","item":"https:\/\/www.citadelledesisteron.fr\/"},{"@type":"ListItem","position":2,"name":"Journ\u00e9e Europ\u00e9enne du Patrimoine 2026"}]},{"@type":"WebSite","@id":"https:\/\/www.citadelledesisteron.fr\/#website","url":"https:\/\/www.citadelledesisteron.fr\/","name":"Citadelle de Sisteron","description":"Un site utilisant WordPress","publisher":{"@id":"https:\/\/www.citadelledesisteron.fr\/#organization"},"potentialAction":[{"@type":"SearchAction","target":{"@type":"EntryPoint","urlTemplate":"https:\/\/www.citadelledesisteron.fr\/?s={search_term_string}"},"query-input":{"@type":"PropertyValueSpecification","valueRequired":true,"valueName":"search_term_string"}}],"inLanguage":"en-GB"},{"@type":"Organization","@id":"https:\/\/www.citadelledesisteron.fr\/#organization","name":"Citadelle de Sisteron","url":"https:\/\/www.citadelledesisteron.fr\/","logo":{"@type":"ImageObject","inLanguage":"en-GB","@id":"https:\/\/www.citadelledesisteron.fr\/#\/schema\/logo\/image\/","url":"https:\/\/www.citadelledesisteron.fr\/wp-content\/uploads\/2022\/06\/cropped-citadelleSisteron.png","contentUrl":"https:\/\/www.citadelledesisteron.fr\/wp-content\/uploads\/2022\/06\/cropped-citadelleSisteron.png","width":835,"height":231,"caption":"Citadelle de Sisteron"},"image":{"@id":"https:\/\/www.citadelledesisteron.fr\/#\/schema\/logo\/image\/"},"sameAs":["https:\/\/www.facebook.com\/citadelledesisteron\/","https:\/\/www.youtube.com\/channel\/UC3a5Quz-UGKoYbE23Y_NTyg","https:\/\/www.instagram.com\/citadelledesisteron\/?hl=fr"]},{"@type":"Person","@id":"https:\/\/www.citadelledesisteron.fr\/#\/schema\/person\/9554fd59969f9d3a9ac734313009ae73","name":"admin_atm","image":{"@type":"ImageObject","inLanguage":"en-GB","@id":"https:\/\/secure.gravatar.com\/avatar\/21a15a9664960f4827df549f60fbd0bdfb974e89efba6399b1deb424de3ed4d1?s=96&d=mm&r=g","url":"https:\/\/secure.gravatar.com\/avatar\/21a15a9664960f4827df549f60fbd0bdfb974e89efba6399b1deb424de3ed4d1?s=96&d=mm&r=g","contentUrl":"https:\/\/secure.gravatar.com\/avatar\/21a15a9664960f4827df549f60fbd0bdfb974e89efba6399b1deb424de3ed4d1?s=96&d=mm&r=g","caption":"admin_atm"}}]}},"_links":{"self":[{"href":"https:\/\/www.citadelledesisteron.fr\/en\/wp-json\/wp\/v2\/posts\/1997","targetHints":{"allow":["GET"]}}],"collection":[{"href":"https:\/\/www.citadelledesisteron.fr\/en\/wp-json\/wp\/v2\/posts"}],"about":[{"href":"https:\/\/www.citadelledesisteron.fr\/en\/wp-json\/wp\/v2\/types\/post"}],"author":[{"embeddable":true,"href":"https:\/\/www.citadelledesisteron.fr\/en\/wp-json\/wp\/v2\/users\/3"}],"replies":[{"embeddable":true,"href":"https:\/\/www.citadelledesisteron.fr\/en\/wp-json\/wp\/v2\/comments?post=1997"}],"version-history":[{"count":7,"href":"https:\/\/www.citadelledesisteron.fr\/en\/wp-json\/wp\/v2\/posts\/1997\/revisions"}],"predecessor-version":[{"id":2010,"href":"https:\/\/www.citadelledesisteron.fr\/en\/wp-json\/wp\/v2\/posts\/1997\/revisions\/2010"}],"wp:featuredmedia":[{"embeddable":true,"href":"https:\/\/www.citadelledesisteron.fr\/en\/wp-json\/wp\/v2\/media\/1998"}],"wp:attachment":[{"href":"https:\/\/www.citadelledesisteron.fr\/en\/wp-json\/wp\/v2\/media?parent=1997"}],"wp:term":[{"taxonomy":"category","embeddable":true,"href":"https:\/\/www.citadelledesisteron.fr\/en\/wp-json\/wp\/v2\/categories?post=1997"},{"taxonomy":"post_tag","embeddable":true,"href":"https:\/\/www.citadelledesisteron.fr\/en\/wp-json\/wp\/v2\/tags?post=1997"}],"curies":[{"name":"wp","href":"https:\/\/api.w.org\/{rel}","templated":true}]}}